{"id":393,"date":"2013-05-24T08:26:46","date_gmt":"2013-05-24T06:26:46","guid":{"rendered":"http:\/\/gudmundson.se\/awordpress\/?p=393"},"modified":"2026-04-09T11:37:22","modified_gmt":"2026-04-09T11:37:22","slug":"hogtryckspress-till-grafiken-pa-nyckelviksskolan","status":"publish","type":"post","link":"https:\/\/www.gudmundson.art\/index.php\/2013\/05\/24\/hogtryckspress-till-grafiken-pa-nyckelviksskolan\/","title":{"rendered":"H\u00f6gtryckspress till Grafiken p\u00e5 Nyckelviksskolan"},"content":{"rendered":"<p>\u00c4ntligen har verkstaden f\u00e5tt en riktig h\u00f6gtryckspress.<br \/>\nEn Eickhoff 50 \u00d7 70 har r\u00e4ddats undan sk\u00f6vlingarna p\u00e5 KKV i Nacka. Lite omv\u00e5rdnad beh\u00f6vs, pappersh\u00e5llaren har en brusten h\u00e4varm men vi har ju en fantastisk metallverkstad h\u00e4r p\u00e5 skolan s\u00e5 det ska nog fixa sig. Nu beh\u00f6ver vi bly och tr\u00e4stil, ornament, verktyg och l\u00e5dor! Kontakta mig om ni har utrustning eller reservdelar till Eickhoff&#8230;<\/p>\n<p><a href=\"https:\/\/www.gudmundson.art\/wp-content\/uploads\/2013\/05\/wpid-20130521_1658551.jpg\"><img decoding=\"async\" title=\"20130521_165855.jpg\" class=\"alignnone size-full\" alt=\"image\" src=\"https:\/\/www.gudmundson.art\/wp-content\/uploads\/2013\/05\/wpid-20130521_165855.jpg\"><\/a><\/p>\n<p><a href=\"https:\/\/www.gudmundson.art\/wp-content\/uploads\/2013\/05\/wpid-20130521_1657001.jpg\"><img decoding=\"async\" title=\"20130521_165700.jpg\" class=\"alignnone size-full\" alt=\"image\" src=\"https:\/\/www.gudmundson.art\/wp-content\/uploads\/2013\/05\/wpid-20130521_165700.jpg\"><\/a><\/p>\n<p><a href=\"https:\/\/www.gudmundson.art\/wp-content\/uploads\/2013\/05\/wpid-20130523_0849191.jpg\"><img decoding=\"async\" title=\"20130523_084919.jpg\" class=\"alignnone size-full\" alt=\"image\" src=\"https:\/\/www.gudmundson.art\/wp-content\/uploads\/2013\/05\/wpid-20130523_084919.jpg\"><\/a><\/p>\n","protected":false},"excerpt":{"rendered":"<p>\u00c4ntligen har verkstaden f\u00e5tt en riktig h\u00f6gtryckspress. En Eickhoff 50 \u00d7 70 har r\u00e4ddats undan sk\u00f6vlingarna p\u00e5 KKV i Nacka. Lite omv\u00e5rdnad beh\u00f6vs, pappersh\u00e5llaren har en brusten h\u00e4varm men vi har ju en fantastisk metallverkstad h\u00e4r p\u00e5 skolan s\u00e5 det ska nog fixa sig. Nu beh\u00f6ver vi bly och tr\u00e4stil, ornament, verktyg och l\u00e5dor! Kontakta [&hellip;]<\/p>\n","protected":false},"author":1,"featured_media":389,"comment_status":"closed","ping_status":"open","sticky":false,"template":"","format":"standard","meta":{"footnotes":""},"categories":[2,3],"tags":[],"class_list":["post-393","post","type-post","status-publish","format-standard","has-post-thumbnail","hentry","category-grafik","category-hantverket"],"jetpack_featured_media_url":"https:\/\/www.gudmundson.art\/wp-content\/uploads\/2013\/05\/wpid-20130521_165700.jpg","jetpack-related-posts":[{"id":283,"url":"https:\/\/www.gudmundson.art\/index.php\/2012\/12\/22\/tips-och-trix-den-vita-etsgrunden\/","url_meta":{"origin":393,"position":0},"title":"Den vita etsgrunden","date":"December 22, 2012","format":false,"excerpt":"","rel":"","context":"In &quot;Grafik&quot;","img":{"alt_text":"","src":"https:\/\/i0.wp.com\/www.gudmundson.art\/wp-content\/uploads\/2012\/12\/wpid-20121220_144440.jpg?resize=350%2C200&ssl=1","width":350,"height":200},"classes":[]},{"id":423,"url":"https:\/\/www.gudmundson.art\/index.php\/2014\/04\/30\/kulturmorker\/","url_meta":{"origin":393,"position":1},"title":"Kulturm\u00f6rker","date":"April 30, 2014","format":false,"excerpt":"","rel":"","context":"In &quot;Hantverket&quot;","img":{"alt_text":"","src":"https:\/\/i0.wp.com\/www.gudmundson.art\/wp-content\/uploads\/2014\/04\/20140430_082215-scaled.jpg?resize=350%2C200&ssl=1","width":350,"height":200},"classes":[]},{"id":465,"url":"https:\/\/www.gudmundson.art\/index.php\/2014\/05\/27\/klarakvarterens-ateljeer-och-ateljebostadsbestandet\/","url_meta":{"origin":393,"position":2},"title":"Klarakvarterens atelj\u00e9er och ateljebostadsbest\u00e5ndet.","date":"May 27, 2014","format":false,"excerpt":"","rel":"","context":"In &quot;Okategoriserade&quot;","img":{"alt_text":"","src":"https:\/\/i0.wp.com\/www.gudmundson.art\/wp-content\/uploads\/2014\/05\/klarakvarteren_riv-2.jpg?resize=350%2C200&ssl=1","width":350,"height":200},"classes":[]},{"id":322,"url":"https:\/\/www.gudmundson.art\/index.php\/2013\/01\/10\/cremnitz-von-bjorkhagen\/","url_meta":{"origin":393,"position":3},"title":"Blyvitt","date":"January 10, 2013","format":false,"excerpt":"","rel":"","context":"In &quot;Hantverket&quot;","img":{"alt_text":"","src":"https:\/\/i0.wp.com\/www.gudmundson.art\/wp-content\/uploads\/2013\/01\/IMG_3233-scaled.jpg?resize=350%2C200&ssl=1","width":350,"height":200},"classes":[]},{"id":352,"url":"https:\/\/www.gudmundson.art\/index.php\/2013\/01\/24\/overblivna-fargrester\/","url_meta":{"origin":393,"position":4},"title":"Hur man \u00e5tervinner f\u00e4rgrester som kan anv\u00e4ndas vid grundering.","date":"January 24, 2013","format":false,"excerpt":"","rel":"","context":"In &quot;Hantverket&quot;","img":{"alt_text":"","src":"https:\/\/i0.wp.com\/www.gudmundson.art\/wp-content\/uploads\/2013\/01\/wpid-20130124_133607.jpg?resize=350%2C200&ssl=1","width":350,"height":200},"classes":[]},{"id":706,"url":"https:\/\/www.gudmundson.art\/index.php\/2017\/08\/31\/vernissage-pa-galleri-eva-solin-torsdag-den-7-september-2017\/","url_meta":{"origin":393,"position":5},"title":"Vernissage p\u00e5 Galleri Eva Solin Torsdag den 7 September 2017","date":"August 31, 2017","format":false,"excerpt":"","rel":"","context":"In &quot;Hantverket&quot;","img":{"alt_text":"","src":"https:\/\/i0.wp.com\/www.gudmundson.art\/wp-content\/uploads\/2017\/08\/IMG_4630-scaled.jpg?resize=350%2C200&ssl=1","width":350,"height":200},"classes":[]}],"_links":{"self":[{"href":"https:\/\/www.gudmundson.art\/index.php\/wp-json\/wp\/v2\/posts\/393","targetHints":{"allow":["GET"]}}],"collection":[{"href":"https:\/\/www.gudmundson.art\/index.php\/wp-json\/wp\/v2\/posts"}],"about":[{"href":"https:\/\/www.gudmundson.art\/index.php\/wp-json\/wp\/v2\/types\/post"}],"author":[{"embeddable":true,"href":"https:\/\/www.gudmundson.art\/index.php\/wp-json\/wp\/v2\/users\/1"}],"replies":[{"embeddable":true,"href":"https:\/\/www.gudmundson.art\/index.php\/wp-json\/wp\/v2\/comments?post=393"}],"version-history":[{"count":1,"href":"https:\/\/www.gudmundson.art\/index.php\/wp-json\/wp\/v2\/posts\/393\/revisions"}],"predecessor-version":[{"id":1088,"href":"https:\/\/www.gudmundson.art\/index.php\/wp-json\/wp\/v2\/posts\/393\/revisions\/1088"}],"wp:featuredmedia":[{"embeddable":true,"href":"https:\/\/www.gudmundson.art\/index.php\/wp-json\/wp\/v2\/media\/389"}],"wp:attachment":[{"href":"https:\/\/www.gudmundson.art\/index.php\/wp-json\/wp\/v2\/media?parent=393"}],"wp:term":[{"taxonomy":"category","embeddable":true,"href":"https:\/\/www.gudmundson.art\/index.php\/wp-json\/wp\/v2\/categories?post=393"},{"taxonomy":"post_tag","embeddable":true,"href":"https:\/\/www.gudmundson.art\/index.php\/wp-json\/wp\/v2\/tags?post=393"}],"curies":[{"name":"wp","href":"https:\/\/api.w.org\/{rel}","templated":true}]}}