{"id":465,"date":"2014-05-27T11:02:28","date_gmt":"2014-05-27T09:02:28","guid":{"rendered":"http:\/\/gudmundson.se\/awordpress\/?p=465"},"modified":"2026-04-09T11:37:22","modified_gmt":"2026-04-09T11:37:22","slug":"klarakvarterens-ateljeer-och-ateljebostadsbestandet","status":"publish","type":"post","link":"https:\/\/www.gudmundson.art\/index.php\/2014\/05\/27\/klarakvarterens-ateljeer-och-ateljebostadsbestandet\/","title":{"rendered":"Klarakvarterens atelj\u00e9er och ateljebostadsbest\u00e5ndet."},"content":{"rendered":"<figure id=\"attachment_447\" aria-describedby=\"caption-attachment-447\" style=\"width: 793px\" class=\"wp-caption alignnone\"><a href=\"https:\/\/www.gudmundson.art\/wp-content\/uploads\/2014\/05\/tegelbacken.jpg\"><img decoding=\"async\" class=\"size-full wp-image-447\" alt=\"Konstn\u00e4rer m\u00e5lar ute p\u00e5 gamla tegelbacken.\" src=\"https:\/\/www.gudmundson.art\/wp-content\/uploads\/2014\/05\/tegelbacken.jpg\" width=\"793\" height=\"800\" srcset=\"https:\/\/www.gudmundson.art\/wp-content\/uploads\/2014\/05\/tegelbacken.jpg 793w, https:\/\/www.gudmundson.art\/wp-content\/uploads\/2014\/05\/tegelbacken-297x300.jpg 297w, https:\/\/www.gudmundson.art\/wp-content\/uploads\/2014\/05\/tegelbacken-150x150.jpg 150w, https:\/\/www.gudmundson.art\/wp-content\/uploads\/2014\/05\/tegelbacken-768x775.jpg 768w\" sizes=\"(max-width: 793px) 100vw, 793px\" \/><\/a><figcaption id=\"caption-attachment-447\" class=\"wp-caption-text\">Konstn\u00e4rer m\u00e5lar ute p\u00e5 gamla tegelbacken.<\/figcaption><\/figure>\n<p>Gamla city var fullt med kulturfolk &#8211; f\u00f6rfattare, skulpt\u00f6rer, m\u00e5lare och sk\u00e5disar.<\/p>\n<p>N\u00e4r klarakvarteren revs var tanken fr\u00e5n konstn\u00e4rsh\u00e5ll att med sina intresseorganisationer se till att s\u00e4tta fart p\u00e5 byggandet av ers\u00e4ttningsatelj\u00e9er i f\u00f6rorterna till de utk\u00f6rda kulturarbetarna. Under 40 talet och fram\u00e5t byggdes en massa atelj\u00e9l\u00e4genheter i f\u00f6rorterna &#8211; m\u00e5nga av dem hotas nu likt klarakvarteren p\u00e5 sin tid att f\u00f6rst\u00f6ras med f\u00f6rt\u00e4tningen av detaljplanerna.<\/p>\n<figure id=\"attachment_464\" aria-describedby=\"caption-attachment-464\" style=\"width: 800px\" class=\"wp-caption alignnone\"><a href=\"https:\/\/www.gudmundson.art\/wp-content\/uploads\/2014\/05\/drottn_27.jpg\"><img decoding=\"async\" class=\"size-full wp-image-464\" alt=\"Skulpturatelj\u00e9 p\u00e5 Drottningatan 27\" src=\"https:\/\/www.gudmundson.art\/wp-content\/uploads\/2014\/05\/drottn_27.jpg\" width=\"800\" height=\"799\" srcset=\"https:\/\/www.gudmundson.art\/wp-content\/uploads\/2014\/05\/drottn_27.jpg 800w, https:\/\/www.gudmundson.art\/wp-content\/uploads\/2014\/05\/drottn_27-300x300.jpg 300w, https:\/\/www.gudmundson.art\/wp-content\/uploads\/2014\/05\/drottn_27-150x150.jpg 150w, https:\/\/www.gudmundson.art\/wp-content\/uploads\/2014\/05\/drottn_27-768x767.jpg 768w\" sizes=\"(max-width: 800px) 100vw, 800px\" \/><\/a><figcaption id=\"caption-attachment-464\" class=\"wp-caption-text\">Skulpturatelj\u00e9 p\u00e5 Drottninggatan 27<\/figcaption><\/figure>\n<figure id=\"attachment_454\" aria-describedby=\"caption-attachment-454\" style=\"width: 1220px\" class=\"wp-caption alignnone\"><a href=\"https:\/\/www.gudmundson.art\/wp-content\/uploads\/2014\/05\/drottn_27efter.jpg\"><img decoding=\"async\" class=\"size-full wp-image-454\" alt=\"Drottningatan. S\u00e5 h\u00e4r ser det ut nu... \" src=\"https:\/\/www.gudmundson.art\/wp-content\/uploads\/2014\/05\/drottn_27efter.jpg\" width=\"1220\" height=\"653\" srcset=\"https:\/\/www.gudmundson.art\/wp-content\/uploads\/2014\/05\/drottn_27efter.jpg 1220w, https:\/\/www.gudmundson.art\/wp-content\/uploads\/2014\/05\/drottn_27efter-300x161.jpg 300w, https:\/\/www.gudmundson.art\/wp-content\/uploads\/2014\/05\/drottn_27efter-1024x548.jpg 1024w, https:\/\/www.gudmundson.art\/wp-content\/uploads\/2014\/05\/drottn_27efter-768x411.jpg 768w\" sizes=\"(max-width: 1220px) 100vw, 1220px\" \/><\/a><figcaption id=\"caption-attachment-454\" class=\"wp-caption-text\">Drottninggatan. S\u00e5 h\u00e4r ser det ut nu&#8230;<\/figcaption><\/figure>\n<figure id=\"attachment_438\" aria-describedby=\"caption-attachment-438\" style=\"width: 800px\" class=\"wp-caption alignnone\"><a href=\"https:\/\/www.gudmundson.art\/wp-content\/uploads\/2014\/05\/M_Samuelsgatan-41.jpg\"><img decoding=\"async\" class=\"size-full wp-image-438\" alt=\"Atelj\u00e9f\u00f6nster p\u00e5 taket. M\u00e4ster Samuelsgatan 41\" src=\"https:\/\/www.gudmundson.art\/wp-content\/uploads\/2014\/05\/M_Samuelsgatan-41.jpg\" width=\"800\" height=\"592\" srcset=\"https:\/\/www.gudmundson.art\/wp-content\/uploads\/2014\/05\/M_Samuelsgatan-41.jpg 800w, https:\/\/www.gudmundson.art\/wp-content\/uploads\/2014\/05\/M_Samuelsgatan-41-300x222.jpg 300w, https:\/\/www.gudmundson.art\/wp-content\/uploads\/2014\/05\/M_Samuelsgatan-41-768x568.jpg 768w\" sizes=\"(max-width: 800px) 100vw, 800px\" \/><\/a><figcaption id=\"caption-attachment-438\" class=\"wp-caption-text\">Atelj\u00e9f\u00f6nster p\u00e5 taket. M\u00e4ster Samuelsgatan 41<\/figcaption><\/figure>\n<figure id=\"attachment_467\" aria-describedby=\"caption-attachment-467\" style=\"width: 1018px\" class=\"wp-caption alignnone\"><a href=\"https:\/\/www.gudmundson.art\/wp-content\/uploads\/2014\/05\/Master_Samuelsgatan_41.jpg\"><img decoding=\"async\" class=\"size-full wp-image-467\" alt=\"S\u00e5 h\u00e4r ser det ut nu p\u00e5 M\u00e4ster Samuelsgatan.\" src=\"https:\/\/www.gudmundson.art\/wp-content\/uploads\/2014\/05\/Master_Samuelsgatan_41.jpg\" width=\"1018\" height=\"593\" srcset=\"https:\/\/www.gudmundson.art\/wp-content\/uploads\/2014\/05\/Master_Samuelsgatan_41.jpg 1018w, https:\/\/www.gudmundson.art\/wp-content\/uploads\/2014\/05\/Master_Samuelsgatan_41-300x175.jpg 300w, https:\/\/www.gudmundson.art\/wp-content\/uploads\/2014\/05\/Master_Samuelsgatan_41-768x447.jpg 768w\" sizes=\"(max-width: 1018px) 100vw, 1018px\" \/><\/a><figcaption id=\"caption-attachment-467\" class=\"wp-caption-text\">S\u00e5 h\u00e4r ser det ut nu p\u00e5 M\u00e4ster Samuelsgatan.<\/figcaption><\/figure>\n<figure id=\"attachment_461\" aria-describedby=\"caption-attachment-461\" style=\"width: 800px\" class=\"wp-caption alignnone\"><a href=\"https:\/\/www.gudmundson.art\/wp-content\/uploads\/2014\/05\/konstfack_innan.jpg\"><img decoding=\"async\" class=\"size-full wp-image-461\" alt=\"F\u00f6r att inte tala om gamla konstfack och sergel.\" src=\"https:\/\/www.gudmundson.art\/wp-content\/uploads\/2014\/05\/konstfack_innan.jpg\" width=\"800\" height=\"800\" srcset=\"https:\/\/www.gudmundson.art\/wp-content\/uploads\/2014\/05\/konstfack_innan.jpg 800w, https:\/\/www.gudmundson.art\/wp-content\/uploads\/2014\/05\/konstfack_innan-300x300.jpg 300w, https:\/\/www.gudmundson.art\/wp-content\/uploads\/2014\/05\/konstfack_innan-150x150.jpg 150w, https:\/\/www.gudmundson.art\/wp-content\/uploads\/2014\/05\/konstfack_innan-768x768.jpg 768w\" sizes=\"(max-width: 800px) 100vw, 800px\" \/><\/a><figcaption id=\"caption-attachment-461\" class=\"wp-caption-text\">F\u00f6r att inte tala om gamla konstfack och sergel.<\/figcaption><\/figure>\n<figure id=\"attachment_462\" aria-describedby=\"caption-attachment-462\" style=\"width: 800px\" class=\"wp-caption alignnone\"><a href=\"https:\/\/www.gudmundson.art\/wp-content\/uploads\/2014\/05\/konstfack_rivn.jpg\"><img decoding=\"async\" class=\"size-full wp-image-462\" alt=\"Lanterninf\u00f6nster p\u00e5 konstfack under rivning. \" src=\"https:\/\/www.gudmundson.art\/wp-content\/uploads\/2014\/05\/konstfack_rivn.jpg\" width=\"800\" height=\"800\" srcset=\"https:\/\/www.gudmundson.art\/wp-content\/uploads\/2014\/05\/konstfack_rivn.jpg 800w, https:\/\/www.gudmundson.art\/wp-content\/uploads\/2014\/05\/konstfack_rivn-300x300.jpg 300w, https:\/\/www.gudmundson.art\/wp-content\/uploads\/2014\/05\/konstfack_rivn-150x150.jpg 150w, https:\/\/www.gudmundson.art\/wp-content\/uploads\/2014\/05\/konstfack_rivn-768x768.jpg 768w\" sizes=\"(max-width: 800px) 100vw, 800px\" \/><\/a><figcaption id=\"caption-attachment-462\" class=\"wp-caption-text\">Lanterninf\u00f6nster p\u00e5 konstfack under rivning.<\/figcaption><\/figure>\n<figure id=\"attachment_453\" aria-describedby=\"caption-attachment-453\" style=\"width: 953px\" class=\"wp-caption alignnone\"><a href=\"https:\/\/www.gudmundson.art\/wp-content\/uploads\/2014\/05\/konstfack_efter.jpg\"><img decoding=\"async\" class=\"size-full wp-image-453\" alt=\"S\u00e5 h\u00e4r ser det ut nu d\u00e4r gamla konstfack l\u00e5g...\" src=\"https:\/\/www.gudmundson.art\/wp-content\/uploads\/2014\/05\/konstfack_efter.jpg\" width=\"953\" height=\"684\" srcset=\"https:\/\/www.gudmundson.art\/wp-content\/uploads\/2014\/05\/konstfack_efter.jpg 953w, https:\/\/www.gudmundson.art\/wp-content\/uploads\/2014\/05\/konstfack_efter-300x215.jpg 300w, https:\/\/www.gudmundson.art\/wp-content\/uploads\/2014\/05\/konstfack_efter-768x551.jpg 768w\" sizes=\"(max-width: 953px) 100vw, 953px\" \/><\/a><figcaption id=\"caption-attachment-453\" class=\"wp-caption-text\">S\u00e5 h\u00e4r ser det ut nu d\u00e4r gamla konstfack l\u00e5g&#8230;<\/figcaption><\/figure>\n<figure id=\"attachment_450\" aria-describedby=\"caption-attachment-450\" style=\"width: 800px\" class=\"wp-caption alignnone\"><a href=\"https:\/\/www.gudmundson.art\/wp-content\/uploads\/2014\/05\/maria_prastg_2.jpg\"><img decoding=\"async\" class=\"size-full wp-image-450\" alt=\"\u00c4ven p\u00e5 S\u00f6der revs det... Maria Pr\u00e4stg\u00e5rdsgatan\" src=\"https:\/\/www.gudmundson.art\/wp-content\/uploads\/2014\/05\/maria_prastg_2.jpg\" width=\"800\" height=\"800\" srcset=\"https:\/\/www.gudmundson.art\/wp-content\/uploads\/2014\/05\/maria_prastg_2.jpg 800w, https:\/\/www.gudmundson.art\/wp-content\/uploads\/2014\/05\/maria_prastg_2-300x300.jpg 300w, https:\/\/www.gudmundson.art\/wp-content\/uploads\/2014\/05\/maria_prastg_2-150x150.jpg 150w, https:\/\/www.gudmundson.art\/wp-content\/uploads\/2014\/05\/maria_prastg_2-768x768.jpg 768w\" sizes=\"(max-width: 800px) 100vw, 800px\" \/><\/a><figcaption id=\"caption-attachment-450\" class=\"wp-caption-text\">\u00c4ven p\u00e5 S\u00f6der revs det&#8230; Maria Pr\u00e4stg\u00e5rdsgatan<\/figcaption><\/figure>\n<figure id=\"attachment_452\" aria-describedby=\"caption-attachment-452\" style=\"width: 947px\" class=\"wp-caption alignnone\"><a href=\"https:\/\/www.gudmundson.art\/wp-content\/uploads\/2014\/05\/maria_prastg_efter.jpg\"><img decoding=\"async\" class=\"size-full wp-image-452\" alt=\"Maria Pr\u00e4stg\u00e5rdsgatan efter. Snyggt va?\" src=\"https:\/\/www.gudmundson.art\/wp-content\/uploads\/2014\/05\/maria_prastg_efter.jpg\" width=\"947\" height=\"746\" srcset=\"https:\/\/www.gudmundson.art\/wp-content\/uploads\/2014\/05\/maria_prastg_efter.jpg 947w, https:\/\/www.gudmundson.art\/wp-content\/uploads\/2014\/05\/maria_prastg_efter-300x236.jpg 300w, https:\/\/www.gudmundson.art\/wp-content\/uploads\/2014\/05\/maria_prastg_efter-768x605.jpg 768w\" sizes=\"(max-width: 947px) 100vw, 947px\" \/><\/a><figcaption id=\"caption-attachment-452\" class=\"wp-caption-text\">Maria Pr\u00e4stg\u00e5rdsgatan efter. Snyggt va?<\/figcaption><\/figure>\n<figure id=\"attachment_446\" aria-describedby=\"caption-attachment-446\" style=\"width: 2013px\" class=\"wp-caption alignnone\"><a href=\"https:\/\/www.gudmundson.art\/wp-content\/uploads\/2014\/05\/klarakvarteren.jpg\"><img decoding=\"async\" class=\"size-full wp-image-446\" alt=\"Ok\u00e4nd interi\u00f6r, f\u00f6rmodligen klarakvarteren.\" src=\"https:\/\/www.gudmundson.art\/wp-content\/uploads\/2014\/05\/klarakvarteren.jpg\" width=\"2013\" height=\"2574\"><\/a><figcaption id=\"caption-attachment-446\" class=\"wp-caption-text\">Ok\u00e4nd interi\u00f6r, f\u00f6rmodligen klarakvarteren.<\/figcaption><\/figure>\n<figure id=\"attachment_442\" aria-describedby=\"caption-attachment-442\" style=\"width: 800px\" class=\"wp-caption alignnone\"><a href=\"https:\/\/www.gudmundson.art\/wp-content\/uploads\/2014\/05\/klarakvarteren_riv-2.jpg\"><img decoding=\"async\" class=\"size-full wp-image-442\" alt=\"Rivningshysterin fortsatte...\" src=\"https:\/\/www.gudmundson.art\/wp-content\/uploads\/2014\/05\/klarakvarteren_riv-2.jpg\" width=\"800\" height=\"800\" srcset=\"https:\/\/www.gudmundson.art\/wp-content\/uploads\/2014\/05\/klarakvarteren_riv-2.jpg 800w, https:\/\/www.gudmundson.art\/wp-content\/uploads\/2014\/05\/klarakvarteren_riv-2-300x300.jpg 300w, https:\/\/www.gudmundson.art\/wp-content\/uploads\/2014\/05\/klarakvarteren_riv-2-150x150.jpg 150w, https:\/\/www.gudmundson.art\/wp-content\/uploads\/2014\/05\/klarakvarteren_riv-2-768x768.jpg 768w\" sizes=\"(max-width: 800px) 100vw, 800px\" \/><\/a><figcaption id=\"caption-attachment-442\" class=\"wp-caption-text\">Rivningshysterin fortsatte&#8230;<\/figcaption><\/figure>\n<figure id=\"attachment_441\" aria-describedby=\"caption-attachment-441\" style=\"width: 583px\" class=\"wp-caption alignnone\"><a href=\"https:\/\/www.gudmundson.art\/wp-content\/uploads\/2014\/05\/Master_Samuelsgatan_37-3.jpg\"><img decoding=\"async\" class=\"size-full wp-image-441\" alt=\"Interi\u00f6r M\u00e4ster Samuelsgatan 37\" src=\"https:\/\/www.gudmundson.art\/wp-content\/uploads\/2014\/05\/Master_Samuelsgatan_37-3.jpg\" width=\"583\" height=\"800\" srcset=\"https:\/\/www.gudmundson.art\/wp-content\/uploads\/2014\/05\/Master_Samuelsgatan_37-3.jpg 583w, https:\/\/www.gudmundson.art\/wp-content\/uploads\/2014\/05\/Master_Samuelsgatan_37-3-219x300.jpg 219w\" sizes=\"(max-width: 583px) 100vw, 583px\" \/><\/a><figcaption id=\"caption-attachment-441\" class=\"wp-caption-text\">Interi\u00f6r M\u00e4ster Samuelsgatan 37<\/figcaption><\/figure>\n<figure id=\"attachment_436\" aria-describedby=\"caption-attachment-436\" style=\"width: 1036px\" class=\"wp-caption alignnone\"><a href=\"https:\/\/www.gudmundson.art\/wp-content\/uploads\/2014\/05\/Master_Samuelsgatan_37_efter.jpg\"><img decoding=\"async\" class=\"size-full wp-image-436\" alt=\"M\u00e4ster Samuelsgatan 37 nu.\" src=\"https:\/\/www.gudmundson.art\/wp-content\/uploads\/2014\/05\/Master_Samuelsgatan_37_efter.jpg\" width=\"1036\" height=\"735\" srcset=\"https:\/\/www.gudmundson.art\/wp-content\/uploads\/2014\/05\/Master_Samuelsgatan_37_efter.jpg 1036w, https:\/\/www.gudmundson.art\/wp-content\/uploads\/2014\/05\/Master_Samuelsgatan_37_efter-300x213.jpg 300w, https:\/\/www.gudmundson.art\/wp-content\/uploads\/2014\/05\/Master_Samuelsgatan_37_efter-1024x726.jpg 1024w, https:\/\/www.gudmundson.art\/wp-content\/uploads\/2014\/05\/Master_Samuelsgatan_37_efter-768x545.jpg 768w\" sizes=\"(max-width: 1036px) 100vw, 1036px\" \/><\/a><figcaption id=\"caption-attachment-436\" class=\"wp-caption-text\">M\u00e4ster Samuelsgatan 37 nu.<\/figcaption><\/figure>\n<p>&nbsp;<\/p>\n<p>&nbsp;<\/p>\n<p>&nbsp;<\/p>\n<p>&nbsp;<\/p>\n<p>&nbsp;<\/p>\n<p>&nbsp;<\/p>\n<p>&nbsp;<\/p>\n<p>&nbsp;<\/p>\n<p>&nbsp;<\/p>\n<p>&nbsp;<\/p>\n","protected":false},"excerpt":{"rendered":"<p>Gamla city var fullt med kulturfolk &#8211; f\u00f6rfattare, skulpt\u00f6rer, m\u00e5lare och sk\u00e5disar. N\u00e4r klarakvarteren revs var tanken fr\u00e5n konstn\u00e4rsh\u00e5ll att med sina intresseorganisationer se till att s\u00e4tta fart p\u00e5 byggandet av ers\u00e4ttningsatelj\u00e9er i f\u00f6rorterna till de utk\u00f6rda kulturarbetarna. Under 40 talet och fram\u00e5t byggdes en massa atelj\u00e9l\u00e4genheter i f\u00f6rorterna &#8211; m\u00e5nga av dem hotas nu [&hellip;]<\/p>\n","protected":false},"author":1,"featured_media":442,"comment_status":"closed","ping_status":"open","sticky":false,"template":"","format":"standard","meta":{"footnotes":""},"categories":[7],"tags":[],"class_list":["post-465","post","type-post","status-publish","format-standard","has-post-thumbnail","hentry","category-okategoriserade"],"jetpack_featured_media_url":"https:\/\/www.gudmundson.art\/wp-content\/uploads\/2014\/05\/klarakvarteren_riv-2.jpg","jetpack-related-posts":[{"id":322,"url":"https:\/\/www.gudmundson.art\/index.php\/2013\/01\/10\/cremnitz-von-bjorkhagen\/","url_meta":{"origin":465,"position":0},"title":"Blyvitt","date":"January 10, 2013","format":false,"excerpt":"","rel":"","context":"In &quot;Hantverket&quot;","img":{"alt_text":"","src":"https:\/\/i0.wp.com\/www.gudmundson.art\/wp-content\/uploads\/2013\/01\/IMG_3233-scaled.jpg?resize=350%2C200&ssl=1","width":350,"height":200},"classes":[]},{"id":423,"url":"https:\/\/www.gudmundson.art\/index.php\/2014\/04\/30\/kulturmorker\/","url_meta":{"origin":465,"position":1},"title":"Kulturm\u00f6rker","date":"April 30, 2014","format":false,"excerpt":"","rel":"","context":"In &quot;Hantverket&quot;","img":{"alt_text":"","src":"https:\/\/i0.wp.com\/www.gudmundson.art\/wp-content\/uploads\/2014\/04\/20140430_082215-scaled.jpg?resize=350%2C200&ssl=1","width":350,"height":200},"classes":[]},{"id":283,"url":"https:\/\/www.gudmundson.art\/index.php\/2012\/12\/22\/tips-och-trix-den-vita-etsgrunden\/","url_meta":{"origin":465,"position":2},"title":"Den vita etsgrunden","date":"December 22, 2012","format":false,"excerpt":"","rel":"","context":"In &quot;Grafik&quot;","img":{"alt_text":"","src":"https:\/\/i0.wp.com\/www.gudmundson.art\/wp-content\/uploads\/2012\/12\/wpid-20121220_144440.jpg?resize=350%2C200&ssl=1","width":350,"height":200},"classes":[]},{"id":352,"url":"https:\/\/www.gudmundson.art\/index.php\/2013\/01\/24\/overblivna-fargrester\/","url_meta":{"origin":465,"position":3},"title":"Hur man \u00e5tervinner f\u00e4rgrester som kan anv\u00e4ndas vid grundering.","date":"January 24, 2013","format":false,"excerpt":"","rel":"","context":"In &quot;Hantverket&quot;","img":{"alt_text":"","src":"https:\/\/i0.wp.com\/www.gudmundson.art\/wp-content\/uploads\/2013\/01\/wpid-20130124_133607.jpg?resize=350%2C200&ssl=1","width":350,"height":200},"classes":[]},{"id":667,"url":"https:\/\/www.gudmundson.art\/index.php\/2015\/12\/08\/rationalpainting\/","url_meta":{"origin":465,"position":4},"title":"#rationalpainting","date":"December 8, 2015","format":false,"excerpt":"","rel":"","context":"In &quot;Hantverket&quot;","img":{"alt_text":"","src":"https:\/\/i0.wp.com\/img.youtube.com\/vi\/3nUeL3GFseM\/0.jpg?resize=350%2C200","width":350,"height":200},"classes":[]},{"id":393,"url":"https:\/\/www.gudmundson.art\/index.php\/2013\/05\/24\/hogtryckspress-till-grafiken-pa-nyckelviksskolan\/","url_meta":{"origin":465,"position":5},"title":"H\u00f6gtryckspress till Grafiken p\u00e5 Nyckelviksskolan","date":"May 24, 2013","format":false,"excerpt":"","rel":"","context":"In &quot;Grafik&quot;","img":{"alt_text":"","src":"https:\/\/i0.wp.com\/www.gudmundson.art\/wp-content\/uploads\/2013\/05\/wpid-20130521_165700.jpg?resize=350%2C200&ssl=1","width":350,"height":200},"classes":[]}],"_links":{"self":[{"href":"https:\/\/www.gudmundson.art\/index.php\/wp-json\/wp\/v2\/posts\/465","targetHints":{"allow":["GET"]}}],"collection":[{"href":"https:\/\/www.gudmundson.art\/index.php\/wp-json\/wp\/v2\/posts"}],"about":[{"href":"https:\/\/www.gudmundson.art\/index.php\/wp-json\/wp\/v2\/types\/post"}],"author":[{"embeddable":true,"href":"https:\/\/www.gudmundson.art\/index.php\/wp-json\/wp\/v2\/users\/1"}],"replies":[{"embeddable":true,"href":"https:\/\/www.gudmundson.art\/index.php\/wp-json\/wp\/v2\/comments?post=465"}],"version-history":[{"count":1,"href":"https:\/\/www.gudmundson.art\/index.php\/wp-json\/wp\/v2\/posts\/465\/revisions"}],"predecessor-version":[{"id":1090,"href":"https:\/\/www.gudmundson.art\/index.php\/wp-json\/wp\/v2\/posts\/465\/revisions\/1090"}],"wp:featuredmedia":[{"embeddable":true,"href":"https:\/\/www.gudmundson.art\/index.php\/wp-json\/wp\/v2\/media\/442"}],"wp:attachment":[{"href":"https:\/\/www.gudmundson.art\/index.php\/wp-json\/wp\/v2\/media?parent=465"}],"wp:term":[{"taxonomy":"category","embeddable":true,"href":"https:\/\/www.gudmundson.art\/index.php\/wp-json\/wp\/v2\/categories?post=465"},{"taxonomy":"post_tag","embeddable":true,"href":"https:\/\/www.gudmundson.art\/index.php\/wp-json\/wp\/v2\/tags?post=465"}],"curies":[{"name":"wp","href":"https:\/\/api.w.org\/{rel}","templated":true}]}}