{"id":795,"date":"2021-06-13T07:33:08","date_gmt":"2021-06-13T05:33:08","guid":{"rendered":"http:\/\/gudmundson.se\/awordpress\/?p=795"},"modified":"2026-04-09T11:37:08","modified_gmt":"2026-04-09T11:37:08","slug":"galleri-bruket-halleforsnas","status":"publish","type":"post","link":"https:\/\/www.gudmundson.art\/index.php\/2021\/06\/13\/galleri-bruket-halleforsnas\/","title":{"rendered":"Galleri Bruket H\u00e4lleforsn\u00e4s"},"content":{"rendered":"\n<p>96 verk visas p\u00e5 Galleri Bruket fr\u00e5n 12 juni till 5 September <\/p>\n\n\n\n<figure class=\"wp-block-image\"><img decoding=\"async\" width=\"819\" height=\"1024\" src=\"https:\/\/www.gudmundson.art\/wp-content\/uploads\/2021\/06\/IMG_20210612_085748_156-819x1024.jpg\" alt=\"\" class=\"wp-image-799\" srcset=\"https:\/\/www.gudmundson.art\/wp-content\/uploads\/2021\/06\/IMG_20210612_085748_156-819x1024.jpg 819w, https:\/\/www.gudmundson.art\/wp-content\/uploads\/2021\/06\/IMG_20210612_085748_156-240x300.jpg 240w, https:\/\/www.gudmundson.art\/wp-content\/uploads\/2021\/06\/IMG_20210612_085748_156-768x960.jpg 768w, https:\/\/www.gudmundson.art\/wp-content\/uploads\/2021\/06\/IMG_20210612_085748_156-1229x1536.jpg 1229w, https:\/\/www.gudmundson.art\/wp-content\/uploads\/2021\/06\/IMG_20210612_085748_156-1638x2048.jpg 1638w, https:\/\/www.gudmundson.art\/wp-content\/uploads\/2021\/06\/IMG_20210612_085748_156-scaled.jpg 2048w\" sizes=\"(max-width: 819px) 100vw, 819px\" \/><figcaption class=\"wp-element-caption\">Ett glas \u00f6l. <br>Olja p\u00e5 pann\u00e5 16 x 22 cm<br>6500 kr<br><br><br><\/figcaption><\/figure>\n\n\n\n<figure class=\"wp-block-image\"><img decoding=\"async\" width=\"1024\" height=\"736\" src=\"https:\/\/www.gudmundson.art\/wp-content\/uploads\/2021\/06\/IMG_20200828_190539_674-1024x736.jpg\" alt=\"\" class=\"wp-image-803\" srcset=\"https:\/\/www.gudmundson.art\/wp-content\/uploads\/2021\/06\/IMG_20200828_190539_674-1024x736.jpg 1024w, https:\/\/www.gudmundson.art\/wp-content\/uploads\/2021\/06\/IMG_20200828_190539_674-300x216.jpg 300w, https:\/\/www.gudmundson.art\/wp-content\/uploads\/2021\/06\/IMG_20200828_190539_674-768x552.jpg 768w, https:\/\/www.gudmundson.art\/wp-content\/uploads\/2021\/06\/IMG_20200828_190539_674-1536x1104.jpg 1536w, https:\/\/www.gudmundson.art\/wp-content\/uploads\/2021\/06\/IMG_20200828_190539_674-2048x1472.jpg 2048w\" sizes=\"(max-width: 1024px) 100vw, 1024px\" \/><figcaption class=\"wp-element-caption\">Molnstudie.<br>Olja p\u00e5 pann\u00e5 23 x 33 cm<br>8500 kr<\/figcaption><\/figure>\n","protected":false},"excerpt":{"rendered":"<p>96 verk visas p\u00e5 Galleri Bruket fr\u00e5n 12 juni till 5 September<\/p>\n","protected":false},"author":1,"featured_media":796,"comment_status":"closed","ping_status":"open","sticky":false,"template":"","format":"standard","meta":{"footnotes":""},"categories":[7],"tags":[],"class_list":["post-795","post","type-post","status-publish","format-standard","has-post-thumbnail","hentry","category-okategoriserade"],"jetpack_featured_media_url":"https:\/\/www.gudmundson.art\/wp-content\/uploads\/2021\/06\/Halleforsnas2021LitenS-4.jpg","jetpack-related-posts":[{"id":1020,"url":"https:\/\/www.gudmundson.art\/index.php\/2023\/03\/27\/vernissage-pa-galleri-eva-solin-1-april\/","url_meta":{"origin":795,"position":0},"title":"Vernissage p\u00e5 Galleri Eva Solin 1 April","date":"March 27, 2023","format":false,"excerpt":"Vernissage p\u00e5 Galleri Eva Solin 1 April kl. 13","rel":"","context":"In &quot;Landskap&quot;","img":{"alt_text":"Vernissage p\u00e5 Galleri Eva Solin","src":"https:\/\/i0.wp.com\/www.gudmundson.art\/wp-content\/uploads\/2023\/03\/Solin20230401-vernissage-cheese.jpg?resize=350%2C200&ssl=1","width":350,"height":200},"classes":[]},{"id":706,"url":"https:\/\/www.gudmundson.art\/index.php\/2017\/08\/31\/vernissage-pa-galleri-eva-solin-torsdag-den-7-september-2017\/","url_meta":{"origin":795,"position":1},"title":"Vernissage p\u00e5 Galleri Eva Solin Torsdag den 7 September 2017","date":"August 31, 2017","format":false,"excerpt":"","rel":"","context":"In &quot;Hantverket&quot;","img":{"alt_text":"","src":"https:\/\/i0.wp.com\/www.gudmundson.art\/wp-content\/uploads\/2017\/08\/IMG_4630-scaled.jpg?resize=350%2C200&ssl=1","width":350,"height":200},"classes":[]},{"id":781,"url":"https:\/\/www.gudmundson.art\/index.php\/2019\/04\/04\/vernissage-hos-galleri-lars-hjelm\/","url_meta":{"origin":795,"position":2},"title":"Vernissage hos Galleri Lars Hjelm","date":"April 4, 2019","format":false,"excerpt":"","rel":"","context":"In &quot;Okategoriserade&quot;","img":{"alt_text":"","src":"https:\/\/i0.wp.com\/www.gudmundson.art\/wp-content\/uploads\/2019\/04\/Instagramflyer7.jpg?resize=350%2C200&ssl=1","width":350,"height":200},"classes":[]},{"id":808,"url":"https:\/\/www.gudmundson.art\/index.php\/2021\/11\/16\/galleri-eva-solin-13-november-till-11-december\/","url_meta":{"origin":795,"position":3},"title":"Galleri Eva Solin 13 November till 11 December","date":"November 16, 2021","format":false,"excerpt":"","rel":"","context":"In &quot;Okategoriserade&quot;","img":{"alt_text":"","src":"https:\/\/i0.wp.com\/www.gudmundson.art\/wp-content\/uploads\/2021\/11\/IMG_20211115_132625_171-scaled.jpg?resize=350%2C200&ssl=1","width":350,"height":200},"classes":[]},{"id":785,"url":"https:\/\/www.gudmundson.art\/index.php\/2019\/04\/26\/4-kg-torskhuvud\/","url_meta":{"origin":795,"position":4},"title":"4 kg Torskhuvud","date":"April 26, 2019","format":false,"excerpt":"","rel":"","context":"In &quot;Okategoriserade&quot;","img":{"alt_text":"Torskhuvud, olja p\u00e5 pann\u00e5. 27 x 35 cm","src":"https:\/\/i0.wp.com\/www.gudmundson.art\/wp-content\/uploads\/2019\/04\/ORG_DSC00591-01-01-scaled.jpeg?resize=350%2C200&ssl=1","width":350,"height":200},"classes":[]},{"id":465,"url":"https:\/\/www.gudmundson.art\/index.php\/2014\/05\/27\/klarakvarterens-ateljeer-och-ateljebostadsbestandet\/","url_meta":{"origin":795,"position":5},"title":"Klarakvarterens atelj\u00e9er och ateljebostadsbest\u00e5ndet.","date":"May 27, 2014","format":false,"excerpt":"","rel":"","context":"In &quot;Okategoriserade&quot;","img":{"alt_text":"","src":"https:\/\/i0.wp.com\/www.gudmundson.art\/wp-content\/uploads\/2014\/05\/klarakvarteren_riv-2.jpg?resize=350%2C200&ssl=1","width":350,"height":200},"classes":[]}],"_links":{"self":[{"href":"https:\/\/www.gudmundson.art\/index.php\/wp-json\/wp\/v2\/posts\/795","targetHints":{"allow":["GET"]}}],"collection":[{"href":"https:\/\/www.gudmundson.art\/index.php\/wp-json\/wp\/v2\/posts"}],"about":[{"href":"https:\/\/www.gudmundson.art\/index.php\/wp-json\/wp\/v2\/types\/post"}],"author":[{"embeddable":true,"href":"https:\/\/www.gudmundson.art\/index.php\/wp-json\/wp\/v2\/users\/1"}],"replies":[{"embeddable":true,"href":"https:\/\/www.gudmundson.art\/index.php\/wp-json\/wp\/v2\/comments?post=795"}],"version-history":[{"count":2,"href":"https:\/\/www.gudmundson.art\/index.php\/wp-json\/wp\/v2\/posts\/795\/revisions"}],"predecessor-version":[{"id":987,"href":"https:\/\/www.gudmundson.art\/index.php\/wp-json\/wp\/v2\/posts\/795\/revisions\/987"}],"wp:featuredmedia":[{"embeddable":true,"href":"https:\/\/www.gudmundson.art\/index.php\/wp-json\/wp\/v2\/media\/796"}],"wp:attachment":[{"href":"https:\/\/www.gudmundson.art\/index.php\/wp-json\/wp\/v2\/media?parent=795"}],"wp:term":[{"taxonomy":"category","embeddable":true,"href":"https:\/\/www.gudmundson.art\/index.php\/wp-json\/wp\/v2\/categories?post=795"},{"taxonomy":"post_tag","embeddable":true,"href":"https:\/\/www.gudmundson.art\/index.php\/wp-json\/wp\/v2\/tags?post=795"}],"curies":[{"name":"wp","href":"https:\/\/api.w.org\/{rel}","templated":true}]}}